{"id":741,"date":"2014-06-29T18:15:14","date_gmt":"2014-06-29T16:15:14","guid":{"rendered":"http:\/\/www.christianzeelen.de\/?p=741"},"modified":"2023-04-27T16:02:22","modified_gmt":"2023-04-27T14:02:22","slug":"traumhaft-jeck-prinz-karneval-2015","status":"publish","type":"post","link":"https:\/\/www.christianzeelen.de\/?p=741","title":{"rendered":"Traumhaft jeck: Prinz Karneval 2015"},"content":{"rendered":"<p><img loading=\"lazy\" decoding=\"async\" data-attachment-id=\"743\" data-permalink=\"https:\/\/www.christianzeelen.de\/?attachment_id=743\" data-orig-file=\"https:\/\/www.christianzeelen.de\/administration\/wp-content\/pripa_bierdeckel.jpg\" data-orig-size=\"540,303\" data-comments-opened=\"1\" data-image-title=\"pripa_bierdeckel\" data-image-description=\"\" data-image-caption=\"\" data-large-file=\"https:\/\/www.christianzeelen.de\/administration\/wp-content\/pripa_bierdeckel.jpg\" class=\"aligncenter size-full wp-image-743\" src=\"https:\/\/www.christianzeelen.de\/administration\/wp-content\/pripa_bierdeckel.jpg\" alt=\"pripa_bierdeckel\" width=\"540\" height=\"303\" srcset=\"https:\/\/www.christianzeelen.de\/administration\/wp-content\/pripa_bierdeckel.jpg 540w, https:\/\/www.christianzeelen.de\/administration\/wp-content\/pripa_bierdeckel-300x168.jpg 300w\" sizes=\"auto, (max-width: 540px) 100vw, 540px\" \/><\/p>\n<p>Seit dem 1. April wurde schon viel spekuliert &#8211; seit dem 27. Juni ist es nun ganz offiziell:<\/p>\n<p><span style=\"color: #ff0000;\"><strong>ICH WERDE PRINZ KARNEVAL DER LANDESHAUPTSTADT D\u00dcSSELDORF 2015!!!<\/strong><\/span><\/p>\n<p>An meiner Seite als Venetia begleitet mich meine langj\u00e4hrige Freundin und Kollegin Claudia Monr\u00e9al durch die Session!<\/p>\n<p>Hier einige Links zu Artikeln, in denen \u00fcber die Prinzenpaarvorstellung berichtet wurde:<\/p>\n<p><a href=\"http:\/\/www.rp-online.de\/nrw\/staedte\/duesseldorf\/stadtgespraech\/jeckes-doppel-c-christian-und-claudia-aid-1.4347427\" target=\"_blank\" rel=\"noopener\"><strong>RP-ONLINE<\/strong><\/a><\/p>\n<p><a title=\"Express D\u00c3\u00bcsseldorf\" href=\"http:\/\/www.express.de\/karneval-in-duesseldorf\/claudia---christian-regieren-bald-die-narren-helau--wir-sind-das-cc-prinzenpaar-vom-bierdeckel,5064818,27639632.html\" target=\"_blank\" rel=\"noopener\"><strong>EXPRESS<\/strong><\/a><\/p>\n<p><a href=\"http:\/\/www.wz-newsline.de\/lokales\/duesseldorf\/medienprofis-regieren-die-narren-1.1676990\" target=\"_blank\" rel=\"noopener\"><strong>WESTDEUTSCHE ZEITUNG<\/strong><\/a><\/p>\n<p><strong><a href=\"http:\/\/www.derwesten.de\/nrz\/staedte\/duesseldorf\/vom-mikro-auf-die-buehne-aimp-id9529379.html\" target=\"_blank\" rel=\"noopener\">NEUE RHEIN ZEITUNG<\/a><\/strong><\/p>\n<p><a href=\"http:\/\/www.bild.de\/regional\/duesseldorf\/karneval\/prinzenpaar-der-naechsten-session-vorgestellt-36577160.bild.html\" target=\"_blank\" rel=\"noopener\"><strong>BILD<\/strong><\/a><\/p>\n<p><a href=\"http:\/\/www.jeck-in-duesseldorf.de\/de\/start-1_622.htm\" target=\"_blank\" rel=\"noopener\"><strong>JECK IN D\u00dcSSELDORF 1<\/strong><\/a><\/p>\n<p><a href=\"http:\/\/www.jeck-in-duesseldorf.de\/de\/start-1_623.htm\" target=\"_blank\" rel=\"noopener\"><strong>JECK IN D\u00dcSSELDORF 2<\/strong><\/a><\/p>\n","protected":false},"excerpt":{"rendered":"<p>Seit dem 1. April wurde schon viel spekuliert &#8211; seit dem 27. Juni ist es nun ganz offiziell: ICH WERDE PRINZ KARNEVAL DER LANDESHAUPTSTADT D\u00dcSSELDORF 2015!!! An meiner Seite als Venetia begleitet mich meine langj\u00e4hrige Freundin und Kollegin Claudia Monr\u00e9al durch die Session! Hier einige Links zu Artikeln, in denen \u00fcber die Prinzenpaarvorstellung berichtet wurde: RP-ONLINE EXPRESS WESTDEUTSCHE ZEITUNG NEUE RHEIN ZEITUNG BILD JECK IN D\u00dcSSELDORF 1 JECK IN D\u00dcSSELDORF 2<\/p>\n","protected":false},"author":1,"featured_media":0,"comment_status":"open","ping_status":"open","sticky":false,"template":"","format":"standard","meta":{"_monsterinsights_skip_tracking":false,"_jetpack_newsletter_access":"","_jetpack_dont_email_post_to_subs":false,"_jetpack_newsletter_tier_id":0,"_jetpack_memberships_contains_paywalled_content":false,"_jetpack_feature_clip_id":0,"_jetpack_memberships_contains_paid_content":false,"footnotes":"","jetpack_publicize_message":"","jetpack_publicize_feature_enabled":true,"jetpack_social_post_already_shared":true,"jetpack_social_options":{"image_generator_settings":{"template":"highway","default_image_id":0,"font":"","enabled":false},"version":2},"jetpack_post_was_ever_published":false},"categories":[1],"tags":[],"class_list":["post-741","post","type-post","status-publish","format-standard","hentry","category-allgemein"],"aioseo_notices":[],"aioseo_head":"\n\t\t<!-- All in One SEO 5.0.0.1 - aioseo.com -->\n\t<meta name=\"description\" content=\"Seit dem 1. April wurde schon viel spekuliert - seit dem 27. Juni ist es nun ganz offiziell: ICH WERDE PRINZ KARNEVAL DER LANDESHAUPTSTADT D\u00dcSSELDORF 2015!!! An meiner Seite als Venetia begleitet mich meine langj\u00e4hrige Freundin und Kollegin Claudia Monr\u00e9al durch die Session! Hier einige Links zu Artikeln, in denen \u00fcber die Prinzenpaarvorstellung berichtet wurde:\" \/>\n\t<meta name=\"robots\" content=\"max-image-preview:large\" \/>\n\t<meta name=\"author\" content=\"Zeely\"\/>\n\t<link rel=\"canonical\" href=\"https:\/\/www.christianzeelen.de\/?p=741\" \/>\n\t<meta name=\"generator\" content=\"All in One SEO (AIOSEO) 5.0.0.1\" \/>\n\t\t<meta property=\"og:locale\" content=\"de_DE\" \/>\n\t\t<meta property=\"og:site_name\" content=\"Christian Zeelen - Moderator. Sprecher, Redakteur - Weblog\" \/>\n\t\t<meta property=\"og:type\" content=\"article\" \/>\n\t\t<meta property=\"og:title\" content=\"Traumhaft jeck: Prinz Karneval 2015 - Christian Zeelen - Moderator. Sprecher, Redakteur\" \/>\n\t\t<meta property=\"og:description\" content=\"Seit dem 1. April wurde schon viel spekuliert - seit dem 27. Juni ist es nun ganz offiziell: ICH WERDE PRINZ KARNEVAL DER LANDESHAUPTSTADT D\u00dcSSELDORF 2015!!! An meiner Seite als Venetia begleitet mich meine langj\u00e4hrige Freundin und Kollegin Claudia Monr\u00e9al durch die Session! Hier einige Links zu Artikeln, in denen \u00fcber die Prinzenpaarvorstellung berichtet wurde:\" \/>\n\t\t<meta property=\"og:url\" content=\"https:\/\/www.christianzeelen.de\/?p=741\" \/>\n\t\t<meta property=\"article:published_time\" content=\"2014-06-29T16:15:14+00:00\" \/>\n\t\t<meta property=\"article:modified_time\" content=\"2023-04-27T14:02:22+00:00\" \/>\n\t\t<meta name=\"twitter:card\" content=\"summary_large_image\" \/>\n\t\t<meta name=\"twitter:title\" content=\"Traumhaft jeck: Prinz Karneval 2015 - Christian Zeelen - Moderator. Sprecher, Redakteur\" \/>\n\t\t<meta name=\"twitter:description\" content=\"Seit dem 1. April wurde schon viel spekuliert - seit dem 27. Juni ist es nun ganz offiziell: ICH WERDE PRINZ KARNEVAL DER LANDESHAUPTSTADT D\u00dcSSELDORF 2015!!! An meiner Seite als Venetia begleitet mich meine langj\u00e4hrige Freundin und Kollegin Claudia Monr\u00e9al durch die Session! Hier einige Links zu Artikeln, in denen \u00fcber die Prinzenpaarvorstellung berichtet wurde:\" \/>\n\t\t<script type=\"application\/ld+json\" class=\"aioseo-schema\">\n\t\t\t{\"@context\":\"https:\\\/\\\/schema.org\",\"@graph\":[{\"@type\":\"BlogPosting\",\"@id\":\"https:\\\/\\\/www.christianzeelen.de\\\/?p=741#blogposting\",\"name\":\"Traumhaft jeck: Prinz Karneval 2015 - Christian Zeelen - Moderator. Sprecher, Redakteur\",\"headline\":\"Traumhaft jeck: Prinz Karneval 2015\",\"author\":{\"@id\":\"https:\\\/\\\/www.christianzeelen.de\\\/?author=1#author\"},\"publisher\":{\"@id\":\"https:\\\/\\\/www.christianzeelen.de\\\/#organization\"},\"image\":{\"@type\":\"ImageObject\",\"url\":\"https:\\\/\\\/www.christianzeelen.de\\\/administration\\\/wp-content\\\/pripa_bierdeckel.jpg\",\"@id\":\"https:\\\/\\\/www.christianzeelen.de\\\/?p=741\\\/#articleImage\",\"width\":540,\"height\":303},\"datePublished\":\"2014-06-29T18:15:14+02:00\",\"dateModified\":\"2023-04-27T16:02:22+02:00\",\"inLanguage\":\"de-DE\",\"mainEntityOfPage\":{\"@id\":\"https:\\\/\\\/www.christianzeelen.de\\\/?p=741#webpage\"},\"isPartOf\":{\"@id\":\"https:\\\/\\\/www.christianzeelen.de\\\/?p=741#webpage\"},\"articleSection\":\"Allgemein\"},{\"@type\":\"BreadcrumbList\",\"@id\":\"https:\\\/\\\/www.christianzeelen.de\\\/?p=741#breadcrumblist\",\"itemListElement\":[{\"@type\":\"ListItem\",\"@id\":\"https:\\\/\\\/www.christianzeelen.de#listItem\",\"position\":1,\"name\":\"Home\",\"item\":\"https:\\\/\\\/www.christianzeelen.de\",\"nextItem\":{\"@type\":\"ListItem\",\"@id\":\"https:\\\/\\\/www.christianzeelen.de\\\/?cat=1#listItem\",\"name\":\"Allgemein\"}},{\"@type\":\"ListItem\",\"@id\":\"https:\\\/\\\/www.christianzeelen.de\\\/?cat=1#listItem\",\"position\":2,\"name\":\"Allgemein\",\"item\":\"https:\\\/\\\/www.christianzeelen.de\\\/?cat=1\",\"nextItem\":{\"@type\":\"ListItem\",\"@id\":\"https:\\\/\\\/www.christianzeelen.de\\\/?p=741#listItem\",\"name\":\"Traumhaft jeck: Prinz Karneval 2015\"},\"previousItem\":{\"@type\":\"ListItem\",\"@id\":\"https:\\\/\\\/www.christianzeelen.de#listItem\",\"name\":\"Home\"}},{\"@type\":\"ListItem\",\"@id\":\"https:\\\/\\\/www.christianzeelen.de\\\/?p=741#listItem\",\"position\":3,\"name\":\"Traumhaft jeck: Prinz Karneval 2015\",\"previousItem\":{\"@type\":\"ListItem\",\"@id\":\"https:\\\/\\\/www.christianzeelen.de\\\/?cat=1#listItem\",\"name\":\"Allgemein\"}}]},{\"@type\":\"Organization\",\"@id\":\"https:\\\/\\\/www.christianzeelen.de\\\/#organization\",\"name\":\"Christian Zeelen - Moderator. Sprecher, Redakteur\",\"description\":\"Weblog\",\"url\":\"https:\\\/\\\/www.christianzeelen.de\\\/\"},{\"@type\":\"Person\",\"@id\":\"https:\\\/\\\/www.christianzeelen.de\\\/?author=1#author\",\"url\":\"https:\\\/\\\/www.christianzeelen.de\\\/?author=1\",\"name\":\"Zeely\",\"image\":{\"@type\":\"ImageObject\",\"@id\":\"https:\\\/\\\/www.christianzeelen.de\\\/?p=741#authorImage\",\"url\":\"https:\\\/\\\/secure.gravatar.com\\\/avatar\\\/5c128224d0d1ba6c894288ff7cfe321b56aafa9b24dfcd05b0d0422dc9dcbc43?s=96&d=mm&r=g\",\"width\":96,\"height\":96,\"caption\":\"Zeely\"}},{\"@type\":\"WebPage\",\"@id\":\"https:\\\/\\\/www.christianzeelen.de\\\/?p=741#webpage\",\"url\":\"https:\\\/\\\/www.christianzeelen.de\\\/?p=741\",\"name\":\"Traumhaft jeck: Prinz Karneval 2015 - Christian Zeelen - Moderator. Sprecher, Redakteur\",\"description\":\"Seit dem 1. April wurde schon viel spekuliert - seit dem 27. Juni ist es nun ganz offiziell: ICH WERDE PRINZ KARNEVAL DER LANDESHAUPTSTADT D\\u00dcSSELDORF 2015!!! An meiner Seite als Venetia begleitet mich meine langj\\u00e4hrige Freundin und Kollegin Claudia Monr\\u00e9al durch die Session! Hier einige Links zu Artikeln, in denen \\u00fcber die Prinzenpaarvorstellung berichtet wurde:\",\"inLanguage\":\"de-DE\",\"isPartOf\":{\"@id\":\"https:\\\/\\\/www.christianzeelen.de\\\/#website\"},\"breadcrumb\":{\"@id\":\"https:\\\/\\\/www.christianzeelen.de\\\/?p=741#breadcrumblist\"},\"author\":{\"@id\":\"https:\\\/\\\/www.christianzeelen.de\\\/?author=1#author\"},\"creator\":{\"@id\":\"https:\\\/\\\/www.christianzeelen.de\\\/?author=1#author\"},\"datePublished\":\"2014-06-29T18:15:14+02:00\",\"dateModified\":\"2023-04-27T16:02:22+02:00\"},{\"@type\":\"WebSite\",\"@id\":\"https:\\\/\\\/www.christianzeelen.de\\\/#website\",\"url\":\"https:\\\/\\\/www.christianzeelen.de\\\/\",\"name\":\"Christian Zeelen - Moderator. Sprecher, Redakteur\",\"description\":\"Weblog\",\"inLanguage\":\"de-DE\",\"publisher\":{\"@id\":\"https:\\\/\\\/www.christianzeelen.de\\\/#organization\"}}]}\n\t\t<\/script>\n\t\t<!-- All in One SEO -->\n\n","aioseo_head_json":{"title":"Traumhaft jeck: Prinz Karneval 2015 - Christian Zeelen - Moderator. Sprecher, Redakteur","description":"Seit dem 1. April wurde schon viel spekuliert - seit dem 27. Juni ist es nun ganz offiziell: ICH WERDE PRINZ KARNEVAL DER LANDESHAUPTSTADT D\u00dcSSELDORF 2015!!! An meiner Seite als Venetia begleitet mich meine langj\u00e4hrige Freundin und Kollegin Claudia Monr\u00e9al durch die Session! Hier einige Links zu Artikeln, in denen \u00fcber die Prinzenpaarvorstellung berichtet wurde:","canonical_url":"https:\/\/www.christianzeelen.de\/?p=741","robots":"max-image-preview:large","keywords":"","webmasterTools":{"miscellaneous":""},"schema":{"@context":"https:\/\/schema.org","@graph":[{"@type":"BlogPosting","@id":"https:\/\/www.christianzeelen.de\/?p=741#blogposting","name":"Traumhaft jeck: Prinz Karneval 2015 - Christian Zeelen - Moderator. Sprecher, Redakteur","headline":"Traumhaft jeck: Prinz Karneval 2015","author":{"@id":"https:\/\/www.christianzeelen.de\/?author=1#author"},"publisher":{"@id":"https:\/\/www.christianzeelen.de\/#organization"},"image":{"@type":"ImageObject","url":"https:\/\/www.christianzeelen.de\/administration\/wp-content\/pripa_bierdeckel.jpg","@id":"https:\/\/www.christianzeelen.de\/?p=741\/#articleImage","width":540,"height":303},"datePublished":"2014-06-29T18:15:14+02:00","dateModified":"2023-04-27T16:02:22+02:00","inLanguage":"de-DE","mainEntityOfPage":{"@id":"https:\/\/www.christianzeelen.de\/?p=741#webpage"},"isPartOf":{"@id":"https:\/\/www.christianzeelen.de\/?p=741#webpage"},"articleSection":"Allgemein"},{"@type":"BreadcrumbList","@id":"https:\/\/www.christianzeelen.de\/?p=741#breadcrumblist","itemListElement":[{"@type":"ListItem","@id":"https:\/\/www.christianzeelen.de#listItem","position":1,"name":"Home","item":"https:\/\/www.christianzeelen.de","nextItem":{"@type":"ListItem","@id":"https:\/\/www.christianzeelen.de\/?cat=1#listItem","name":"Allgemein"}},{"@type":"ListItem","@id":"https:\/\/www.christianzeelen.de\/?cat=1#listItem","position":2,"name":"Allgemein","item":"https:\/\/www.christianzeelen.de\/?cat=1","nextItem":{"@type":"ListItem","@id":"https:\/\/www.christianzeelen.de\/?p=741#listItem","name":"Traumhaft jeck: Prinz Karneval 2015"},"previousItem":{"@type":"ListItem","@id":"https:\/\/www.christianzeelen.de#listItem","name":"Home"}},{"@type":"ListItem","@id":"https:\/\/www.christianzeelen.de\/?p=741#listItem","position":3,"name":"Traumhaft jeck: Prinz Karneval 2015","previousItem":{"@type":"ListItem","@id":"https:\/\/www.christianzeelen.de\/?cat=1#listItem","name":"Allgemein"}}]},{"@type":"Organization","@id":"https:\/\/www.christianzeelen.de\/#organization","name":"Christian Zeelen - Moderator. Sprecher, Redakteur","description":"Weblog","url":"https:\/\/www.christianzeelen.de\/"},{"@type":"Person","@id":"https:\/\/www.christianzeelen.de\/?author=1#author","url":"https:\/\/www.christianzeelen.de\/?author=1","name":"Zeely","image":{"@type":"ImageObject","@id":"https:\/\/www.christianzeelen.de\/?p=741#authorImage","url":"https:\/\/secure.gravatar.com\/avatar\/5c128224d0d1ba6c894288ff7cfe321b56aafa9b24dfcd05b0d0422dc9dcbc43?s=96&d=mm&r=g","width":96,"height":96,"caption":"Zeely"}},{"@type":"WebPage","@id":"https:\/\/www.christianzeelen.de\/?p=741#webpage","url":"https:\/\/www.christianzeelen.de\/?p=741","name":"Traumhaft jeck: Prinz Karneval 2015 - Christian Zeelen - Moderator. Sprecher, Redakteur","description":"Seit dem 1. April wurde schon viel spekuliert - seit dem 27. Juni ist es nun ganz offiziell: ICH WERDE PRINZ KARNEVAL DER LANDESHAUPTSTADT D\u00dcSSELDORF 2015!!! An meiner Seite als Venetia begleitet mich meine langj\u00e4hrige Freundin und Kollegin Claudia Monr\u00e9al durch die Session! Hier einige Links zu Artikeln, in denen \u00fcber die Prinzenpaarvorstellung berichtet wurde:","inLanguage":"de-DE","isPartOf":{"@id":"https:\/\/www.christianzeelen.de\/#website"},"breadcrumb":{"@id":"https:\/\/www.christianzeelen.de\/?p=741#breadcrumblist"},"author":{"@id":"https:\/\/www.christianzeelen.de\/?author=1#author"},"creator":{"@id":"https:\/\/www.christianzeelen.de\/?author=1#author"},"datePublished":"2014-06-29T18:15:14+02:00","dateModified":"2023-04-27T16:02:22+02:00"},{"@type":"WebSite","@id":"https:\/\/www.christianzeelen.de\/#website","url":"https:\/\/www.christianzeelen.de\/","name":"Christian Zeelen - Moderator. Sprecher, Redakteur","description":"Weblog","inLanguage":"de-DE","publisher":{"@id":"https:\/\/www.christianzeelen.de\/#organization"}}]},"og:locale":"de_DE","og:site_name":"Christian Zeelen - Moderator. Sprecher, Redakteur - Weblog","og:type":"article","og:title":"Traumhaft jeck: Prinz Karneval 2015 - Christian Zeelen - Moderator. Sprecher, Redakteur","og:description":"Seit dem 1. April wurde schon viel spekuliert - seit dem 27. Juni ist es nun ganz offiziell: ICH WERDE PRINZ KARNEVAL DER LANDESHAUPTSTADT D\u00dcSSELDORF 2015!!! An meiner Seite als Venetia begleitet mich meine langj\u00e4hrige Freundin und Kollegin Claudia Monr\u00e9al durch die Session! Hier einige Links zu Artikeln, in denen \u00fcber die Prinzenpaarvorstellung berichtet wurde:","og:url":"https:\/\/www.christianzeelen.de\/?p=741","article:published_time":"2014-06-29T16:15:14+00:00","article:modified_time":"2023-04-27T14:02:22+00:00","twitter:card":"summary_large_image","twitter:title":"Traumhaft jeck: Prinz Karneval 2015 - Christian Zeelen - Moderator. Sprecher, Redakteur","twitter:description":"Seit dem 1. April wurde schon viel spekuliert - seit dem 27. Juni ist es nun ganz offiziell: ICH WERDE PRINZ KARNEVAL DER LANDESHAUPTSTADT D\u00dcSSELDORF 2015!!! An meiner Seite als Venetia begleitet mich meine langj\u00e4hrige Freundin und Kollegin Claudia Monr\u00e9al durch die Session! Hier einige Links zu Artikeln, in denen \u00fcber die Prinzenpaarvorstellung berichtet wurde:"},"aioseo_meta_data":{"post_id":"741","title":null,"description":null,"keywords":null,"keyphrases":null,"primary_term":null,"canonical_url":null,"og_title":null,"og_description":null,"og_object_type":"default","og_image_type":"default","og_image_url":null,"og_image_width":null,"og_image_height":null,"og_image_custom_url":null,"og_image_custom_fields":null,"og_video":null,"og_custom_url":null,"og_article_section":null,"og_article_tags":null,"twitter_use_og":false,"twitter_card":"default","twitter_image_type":"default","twitter_image_url":null,"twitter_image_custom_url":null,"twitter_image_custom_fields":null,"twitter_title":null,"twitter_description":null,"schema":{"blockGraphs":[],"customGraphs":[],"default":{"data":{"Article":[],"Course":[],"Dataset":[],"FAQPage":[],"Movie":[],"Person":[],"Product":[],"ProductReview":[],"Car":[],"Recipe":[],"Service":[],"SoftwareApplication":[],"WebPage":[]},"graphName":"","isEnabled":true},"graphs":[]},"schema_type":"default","schema_type_options":null,"pillar_content":false,"robots_default":true,"robots_noindex":false,"robots_noarchive":false,"robots_nosnippet":false,"robots_nofollow":false,"robots_noimageindex":false,"robots_noodp":false,"robots_notranslate":false,"robots_max_snippet":null,"robots_max_videopreview":null,"robots_max_imagepreview":"large","priority":null,"frequency":null,"local_seo":null,"breadcrumb_settings":null,"limit_modified_date":false,"ai":null,"created":"2023-05-11 07:58:56","updated":"2025-07-11 00:27:40","focus_keyword":null,"additional_keywords":null,"truseo_locale":null,"seo_analyzer_scan_date":null},"aioseo_breadcrumb":"<div class=\"aioseo-breadcrumbs\"><span class=\"aioseo-breadcrumb\">\n\t\t\t<a href=\"https:\/\/www.christianzeelen.de\" title=\"Home\">Home<\/a>\n\t\t<\/span><span class=\"aioseo-breadcrumb-separator\">&raquo;<\/span><span class=\"aioseo-breadcrumb\">\n\t\t\t<a href=\"https:\/\/www.christianzeelen.de\/?cat=1\" title=\"Allgemein\">Allgemein<\/a>\n\t\t<\/span><span class=\"aioseo-breadcrumb-separator\">&raquo;<\/span><span class=\"aioseo-breadcrumb\">\n\t\t\tTraumhaft jeck: Prinz Karneval 2015\n\t\t<\/span><\/div>","aioseo_breadcrumb_json":[{"label":"Home","link":"https:\/\/www.christianzeelen.de"},{"label":"Allgemein","link":"https:\/\/www.christianzeelen.de\/?cat=1"},{"label":"Traumhaft jeck: Prinz Karneval 2015","link":"https:\/\/www.christianzeelen.de\/?p=741"}],"jetpack_publicize_connections":[],"jetpack_shortlink":"https:\/\/wp.me\/p3G22R-bX","jetpack_sharing_enabled":true,"jetpack_featured_media_url":"","_links":{"self":[{"href":"https:\/\/www.christianzeelen.de\/index.php?rest_route=\/wp\/v2\/posts\/741","targetHints":{"allow":["GET"]}}],"collection":[{"href":"https:\/\/www.christianzeelen.de\/index.php?rest_route=\/wp\/v2\/posts"}],"about":[{"href":"https:\/\/www.christianzeelen.de\/index.php?rest_route=\/wp\/v2\/types\/post"}],"author":[{"embeddable":true,"href":"https:\/\/www.christianzeelen.de\/index.php?rest_route=\/wp\/v2\/users\/1"}],"replies":[{"embeddable":true,"href":"https:\/\/www.christianzeelen.de\/index.php?rest_route=%2Fwp%2Fv2%2Fcomments&post=741"}],"version-history":[{"count":11,"href":"https:\/\/www.christianzeelen.de\/index.php?rest_route=\/wp\/v2\/posts\/741\/revisions"}],"predecessor-version":[{"id":1093,"href":"https:\/\/www.christianzeelen.de\/index.php?rest_route=\/wp\/v2\/posts\/741\/revisions\/1093"}],"wp:attachment":[{"href":"https:\/\/www.christianzeelen.de\/index.php?rest_route=%2Fwp%2Fv2%2Fmedia&parent=741"}],"wp:term":[{"taxonomy":"category","embeddable":true,"href":"https:\/\/www.christianzeelen.de\/index.php?rest_route=%2Fwp%2Fv2%2Fcategories&post=741"},{"taxonomy":"post_tag","embeddable":true,"href":"https:\/\/www.christianzeelen.de\/index.php?rest_route=%2Fwp%2Fv2%2Ftags&post=741"}],"curies":[{"name":"wp","href":"https:\/\/api.w.org\/{rel}","templated":true}]}}